{"id":596,"date":"2017-03-07T21:08:39","date_gmt":"2017-03-07T19:08:39","guid":{"rendered":"http:\/\/www.afd-schifferstadt.de\/?p=596"},"modified":"2017-03-07T21:08:39","modified_gmt":"2017-03-07T19:08:39","slug":"unser-ziel-2017-in-den-bundestag","status":"publish","type":"post","link":"https:\/\/www.afd-schifferstadt.de\/?p=596","title":{"rendered":"Unser Ziel 2017: In den Bundestag"},"content":{"rendered":"<p>Deutschland braucht eine Partei, die sich konsequent der verantwortungslosen Politik dieser Kanzlerin und ihrer Bundesregierung entgegenstellt. Wir stehen als einzige ernst zunehmende Kraft f\u00fcr einen grunds\u00e4tzlichen Politikwechsel in den f\u00fcr die Zukunft unseres Landes besonders relevanten Fragen:<\/p>\n<p>Asyl und Einwanderung,<\/p>\n<p>Islam,<\/p>\n<p>Identit\u00e4t,<\/p>\n<p>EU,<\/p>\n<p>Euro Rettung,<\/p>\n<p>Sicherheit der B\u00fcrger,<\/p>\n<p>Zukunft unserer Kinder,<\/p>\n<p>und Familien<\/p>\n<p>&nbsp;<\/p>\n<p>Wir sind Ihre Stimme!<\/p>\n","protected":false},"excerpt":{"rendered":"<p>Deutschland braucht eine Partei, die sich konsequent der verantwortungslosen Politik dieser Kanzlerin und ihrer Bundesregierung entgegenstellt. Wir stehen als einzige ernst zunehmende Kraft f\u00fcr einen grunds\u00e4tzlichen Politikwechsel in den f\u00fcr die Zukunft unseres Landes besonders relevanten Fragen: Asyl und Einwanderung, Islam, Identit\u00e4t, EU, Euro Rettung, Sicherheit der B\u00fcrger, Zukunft unserer Kinder, und Familien &nbsp; Wir &hellip; <\/p>\n","protected":false},"author":2,"featured_media":0,"comment_status":"closed","ping_status":"open","sticky":false,"template":"","format":"standard","meta":{"footnotes":""},"categories":[1],"tags":[],"class_list":["post-596","post","type-post","status-publish","format-standard","hentry","category-allgemein"],"_links":{"self":[{"href":"https:\/\/www.afd-schifferstadt.de\/index.php?rest_route=\/wp\/v2\/posts\/596","targetHints":{"allow":["GET"]}}],"collection":[{"href":"https:\/\/www.afd-schifferstadt.de\/index.php?rest_route=\/wp\/v2\/posts"}],"about":[{"href":"https:\/\/www.afd-schifferstadt.de\/index.php?rest_route=\/wp\/v2\/types\/post"}],"author":[{"embeddable":true,"href":"https:\/\/www.afd-schifferstadt.de\/index.php?rest_route=\/wp\/v2\/users\/2"}],"replies":[{"embeddable":true,"href":"https:\/\/www.afd-schifferstadt.de\/index.php?rest_route=%2Fwp%2Fv2%2Fcomments&post=596"}],"version-history":[{"count":1,"href":"https:\/\/www.afd-schifferstadt.de\/index.php?rest_route=\/wp\/v2\/posts\/596\/revisions"}],"predecessor-version":[{"id":597,"href":"https:\/\/www.afd-schifferstadt.de\/index.php?rest_route=\/wp\/v2\/posts\/596\/revisions\/597"}],"wp:attachment":[{"href":"https:\/\/www.afd-schifferstadt.de\/index.php?rest_route=%2Fwp%2Fv2%2Fmedia&parent=596"}],"wp:term":[{"taxonomy":"category","embeddable":true,"href":"https:\/\/www.afd-schifferstadt.de\/index.php?rest_route=%2Fwp%2Fv2%2Fcategories&post=596"},{"taxonomy":"post_tag","embeddable":true,"href":"https:\/\/www.afd-schifferstadt.de\/index.php?rest_route=%2Fwp%2Fv2%2Ftags&post=596"}],"curies":[{"name":"wp","href":"https:\/\/api.w.org\/{rel}","templated":true}]}}