{"id":720,"date":"2017-08-01T20:52:07","date_gmt":"2017-08-01T18:52:07","guid":{"rendered":"http:\/\/www.afd-schifferstadt.de\/?p=720"},"modified":"2017-08-01T20:52:07","modified_gmt":"2017-08-01T18:52:07","slug":"gruene-und-spd-offiziell-seit-an-seit-mit-linksextremisten","status":"publish","type":"post","link":"https:\/\/www.afd-schifferstadt.de\/?p=720","title":{"rendered":"+++ Gr\u00fcne und SPD: Offiziell Seit&#8216; an Seit&#8216; mit Linksextremisten! +++"},"content":{"rendered":"<p>Schon ab 7 Euro erh\u00e4lt man &#8222;Aktionskits gegen AfD-Wahlkampfst\u00e4nde&#8220;, die auf der Plattform &#8222;Aufstehen gegen Rassismus&#8220; vertrieben werden. Ziel ist es, die Wahlkampfst\u00e4nde der AfD &#8222;unsch\u00e4dlich&#8220; zu machen. Dieser Sprachgebrauch erinnert nicht nur entfernt an ein Gesetz aus dem Jahr 1939, das dazu diente, &#8222;Volkssch\u00e4dlinge&#8220; zu bek\u00e4mpfen.<\/p>\n<p>Unterst\u00fctzt wird diese Kampagne von Gr\u00fcnen, Linken und der SPD. Au\u00dferdem von <span class=\"text_exposed_show\">SPD-Generalsekret\u00e4rin Katarina Barley, sowie der stellvertretenden SPD-Bundesvorsitzenden Manuela Schwesig. Nat\u00fcrlich darf auch Ralf Stegner nicht fehlen, sowie einige namhafte Gewerkschaften.<\/span><\/p>\n<div class=\"text_exposed_show\">\n<p>Dass sowohl die vom Verfassungsschutz beobachtete Organisation &#8222;Ums Ganze&#8220; als auch die &#8222;Interventionistische Linke&#8220; (IL) zu den Partnern der Plattform z\u00e4hlen, scheinen Stegner &amp; Co. nicht zu tangieren. Der Verfassungsschutz ist jedoch deutlich:<\/p>\n<p>&#8222;Die IL bem\u00fcht sich in B\u00fcndnissen und Initiativen um eine kampagnenorientierte Zusammenf\u00fchrung linksextremistischer Akteure unterschiedlicher ideologischer Pr\u00e4gung zugunsten einer erh\u00f6hten Handlungsf\u00e4higkeit sowohl in Deutschland als auch in internationalen Kampagnen und Netzwerken.&#8220;<\/p>\n<p>Wir meinen: Wer daf\u00fcr wirbt, Aktionskits gegen demokratische Parteien einzusetzen, und sich hierzu auch noch einer Sprache bedient, die dem dunkelsten Kapitel unserer Geschichte entsprungen zu sein scheint, der sollte keine demokratische Verantwortung mehr \u00fcbernehmen d\u00fcrfen.<\/p>\n<p>Das AfD-Aktionskit f\u00fcr mehr Demokratie sehen Sie \u00fcbrigens auf unserem Bild. Wir k\u00e4mpfen gemeinsam mit unserem Spitzenduo daf\u00fcr, der Demokratie endlich wieder Gewicht im Bundestag zu verleihen. Unterst\u00fctzen Sie uns!<\/p>\n<p>Unterst\u00fctzer von &#8222;Aufstehen gegen Rassismus&#8220;:<br \/>\n<a href=\"https:\/\/www.aufstehen-gegen-rassismus.de\/kampagne\/aufruf\/\" target=\"_blank\" rel=\"nofollow noopener\" data-ft=\"{&quot;tn&quot;:&quot;-U&quot;}\">https:\/\/www.aufstehen-gegen-rassismus.de\/kampagne\/aufruf\/<\/a><\/p>\n<\/div>\n","protected":false},"excerpt":{"rendered":"<p>Schon ab 7 Euro erh\u00e4lt man &#8222;Aktionskits gegen AfD-Wahlkampfst\u00e4nde&#8220;, die auf der Plattform &#8222;Aufstehen gegen Rassismus&#8220; vertrieben werden. Ziel ist es, die Wahlkampfst\u00e4nde der AfD &#8222;unsch\u00e4dlich&#8220; zu machen. Dieser Sprachgebrauch erinnert nicht nur entfernt an ein Gesetz aus dem Jahr 1939, das dazu diente, &#8222;Volkssch\u00e4dlinge&#8220; zu bek\u00e4mpfen. Unterst\u00fctzt wird diese Kampagne von Gr\u00fcnen, Linken und &hellip; <\/p>\n","protected":false},"author":1,"featured_media":725,"comment_status":"closed","ping_status":"open","sticky":false,"template":"","format":"standard","meta":{"footnotes":""},"categories":[1],"tags":[7],"class_list":["post-720","post","type-post","status-publish","format-standard","has-post-thumbnail","hentry","category-allgemein","tag-wahlkampf"],"_links":{"self":[{"href":"https:\/\/www.afd-schifferstadt.de\/index.php?rest_route=\/wp\/v2\/posts\/720","targetHints":{"allow":["GET"]}}],"collection":[{"href":"https:\/\/www.afd-schifferstadt.de\/index.php?rest_route=\/wp\/v2\/posts"}],"about":[{"href":"https:\/\/www.afd-schifferstadt.de\/index.php?rest_route=\/wp\/v2\/types\/post"}],"author":[{"embeddable":true,"href":"https:\/\/www.afd-schifferstadt.de\/index.php?rest_route=\/wp\/v2\/users\/1"}],"replies":[{"embeddable":true,"href":"https:\/\/www.afd-schifferstadt.de\/index.php?rest_route=%2Fwp%2Fv2%2Fcomments&post=720"}],"version-history":[{"count":2,"href":"https:\/\/www.afd-schifferstadt.de\/index.php?rest_route=\/wp\/v2\/posts\/720\/revisions"}],"predecessor-version":[{"id":723,"href":"https:\/\/www.afd-schifferstadt.de\/index.php?rest_route=\/wp\/v2\/posts\/720\/revisions\/723"}],"wp:featuredmedia":[{"embeddable":true,"href":"https:\/\/www.afd-schifferstadt.de\/index.php?rest_route=\/wp\/v2\/media\/725"}],"wp:attachment":[{"href":"https:\/\/www.afd-schifferstadt.de\/index.php?rest_route=%2Fwp%2Fv2%2Fmedia&parent=720"}],"wp:term":[{"taxonomy":"category","embeddable":true,"href":"https:\/\/www.afd-schifferstadt.de\/index.php?rest_route=%2Fwp%2Fv2%2Fcategories&post=720"},{"taxonomy":"post_tag","embeddable":true,"href":"https:\/\/www.afd-schifferstadt.de\/index.php?rest_route=%2Fwp%2Fv2%2Ftags&post=720"}],"curies":[{"name":"wp","href":"https:\/\/api.w.org\/{rel}","templated":true}]}}